{"id":497,"date":"2017-10-25T18:03:50","date_gmt":"2017-10-25T20:03:50","guid":{"rendered":"http:\/\/www.impassivelimpossivel.com\/?p=497"},"modified":"2019-05-13T13:51:39","modified_gmt":"2019-05-13T16:51:39","slug":"china-comunismo-e-consumismo","status":"publish","type":"post","link":"https:\/\/impassivelimpossivel.com.br\/?p=497","title":{"rendered":"China &#8211; Comunismo e Consumismo"},"content":{"rendered":"<p><strong>DATA HIST\u00d3RICA<\/strong><\/p>\n<p style=\"text-align: justify;\">No dia de hoje comemora-se os 100 anos da Revolu\u00e7\u00e3o Russa , que derrubou a monarquia russa e instaurou pela primeira vez o regime <strong>comunista<\/strong> como forma de governo em um pa\u00eds. De l\u00e1 para c\u00e1 muita coisa transcorreu , como guerras , revolu\u00e7\u00f5es , massacres , chacinas , pris\u00f5es , transforma\u00e7\u00f5es sociais , milh\u00f5es de pessoas aderindo , milh\u00f5es de pessoas execrando , milh\u00f5es de pessoas morrendo. O mundo ocidental por necessidade absoluta de sobreviv\u00eancia se aliou ao comunismo na 2\u00aa Grande Guerra Mundial , por\u00e9m depois disto ao repartirem os despojos de uma Europa arrasada , voltaram a ficar cada um do seu lado ,&nbsp; dominando o seu valioso e lucrativo quinh\u00e3o com unhas e dentes. A Guerra Fria entre capitalistas e comunistas terminou por assim dizer , a <strong>Russia<\/strong> iniciou um &#8220;nova era&#8221; de abertura para o mundo ocidental e suas pr\u00e1ticas , por\u00e9m l\u00e1 no fundo a <strong>&#8220;velha escola<\/strong>&#8221; comunista est\u00e1 l\u00e1 , arraigada , presente , dominante , dando as cartas.<\/p>\n<p><strong>A CHINA<\/strong><\/p>\n<p style=\"text-align: justify;\">Pois bem o assunto de hoje se refere a<strong> China<\/strong> , este gigantesco e cada vez mais poderoso pa\u00eds da \u00c1sia. A cada dia que passa mais se discute no Brasil as tend\u00eancias pol\u00edticas , tend\u00eancias culturais , as orienta\u00e7\u00f5es ideol\u00f3gicas , os ide\u00e1rios partid\u00e1rios , por\u00e9m sem ter em nenhum momento a ideia verdadeira do macro momento que o mundo est\u00e1 vivendo. A globaliza\u00e7\u00e3o massificada e&nbsp; colocada em pr\u00e1tica a algumas d\u00e9cadas , for\u00e7ou a quebra de algumas convic\u00e7\u00f5es , certezas e posi\u00e7\u00f5es antes obstinadamente defendidas , em nome de um processo inevit\u00e1vel e irrevers\u00edvel , que \u00e9 um mundo sem barreiras , sem limita\u00e7\u00f5es , sem protecionismos , com canais abertos no sentido de vincula\u00e7\u00f5es de comunica\u00e7\u00e3o em tempo real a todos os povos no mundo. Por\u00e9m no transcorrer deste processo a perda de identidade individual dos povos , vem sendo substitu\u00edda por uma identidade mundial , <strong>&#8220;globalizada&#8221;<\/strong> , como se tal aberra\u00e7\u00e3o fosse poss\u00edvel. Somente para n\u00e3o fugirmos do contexto&nbsp; desta postagem , vamos seguir no racioc\u00ednio. Se reconhecemos na ideologia comunista ( <strong>esquerda \/ vermelha<\/strong> ) um perigo para nosso pa\u00eds , fam\u00edlia , cultura , filhos , porque insistentemente estamos alimentando a&nbsp; 2\u00aa maior economia mundial ,&nbsp; a China comunista? Parece um total contra senso termos uma opini\u00e3o formada a respeito de valores essenciais que devem ser preservados , por\u00e9m no momento em que o fator econ\u00f4mico \u00e9 colocado a nossa frente , atordoamos de forma moment\u00e2nea nossa consci\u00eancia. A China hoje \u00e9 respons\u00e1vel pela fabrica\u00e7\u00e3o de milh\u00f5es de produtos que s\u00e3o fartamente distribu\u00eddos para todo mundo , produtos para todos os gostos e todos os bolsos , com qualidade e sem qualidade , fabricados com seguran\u00e7a e sem seguran\u00e7a , por trabalhadores remunerados ou explorados. Apesar disto , na hora do consumo esquecemos comunismo , esquerda , vermelho. O mundo capitalista ( consumista ) vem literalmente alimentando um &#8220;monstro&#8221; , que a qualquer momento poder\u00e1 nos devorar.<\/p>\n<p><strong>O QUE FAZER?<\/strong><\/p>\n<p style=\"text-align: justify;\">Em primeiro lugar buscar onde est\u00e1 a nossa verdadeira identidade como cidad\u00e3os brasileiros. Qual \u00e9 a nossa cultura , onde est\u00e3o as nossas ra\u00edzes. Ter orgulho e defender verdadeiros <strong>ideais<\/strong> que sejam comuns a nossa p\u00e1tria. Isto n\u00e3o significa fechar os olhos e as portas para o mundo , mesmo porque somos conhecidos com um pa\u00eds receptivo , amigo , doce e alegre. Por\u00e9m as nossas convic\u00e7\u00f5es e certezas devem ser defendidas , pois ao defende-las estamos nos posicionando de forma efetiva , para fortalecer e engrandecer nossa na\u00e7\u00e3o como um todo. Historicamente nos momentos de crise e dificuldade , a base para o restabelecimento da ordem social e econ\u00f4mica sempre foi a uni\u00e3o em torno de um objetivo comum. Vamos olhar um pouco mais ao nosso redor , no nosso entorno , onde o nosso alcance \u00e9 poss\u00edvel. Buscar formar redes de entrela\u00e7amento <strong>social.&nbsp; <\/strong>Como cidad\u00e3os buscar uma forma de reverter e atenuar os efeitos de um processo massificante , atroz e desumano.<\/p>\n","protected":false},"excerpt":{"rendered":"<p>DATA HIST\u00d3RICA No dia de hoje comemora-se os 100 anos da Revolu\u00e7\u00e3o Russa , que derrubou a monarquia russa e<\/p>\n","protected":false},"author":1,"featured_media":1165,"comment_status":"open","ping_status":"open","sticky":false,"template":"","format":"standard","meta":{"_exactmetrics_skip_tracking":false,"_exactmetrics_sitenote_active":false,"_exactmetrics_sitenote_note":"","_exactmetrics_sitenote_category":0,"footnotes":""},"categories":[2],"tags":[45,75,94,105,179,187,204,207],"aioseo_notices":[],"_links":{"self":[{"href":"https:\/\/impassivelimpossivel.com.br\/index.php?rest_route=\/wp\/v2\/posts\/497"}],"collection":[{"href":"https:\/\/impassivelimpossivel.com.br\/index.php?rest_route=\/wp\/v2\/posts"}],"about":[{"href":"https:\/\/impassivelimpossivel.com.br\/index.php?rest_route=\/wp\/v2\/types\/post"}],"author":[{"embeddable":true,"href":"https:\/\/impassivelimpossivel.com.br\/index.php?rest_route=\/wp\/v2\/users\/1"}],"replies":[{"embeddable":true,"href":"https:\/\/impassivelimpossivel.com.br\/index.php?rest_route=%2Fwp%2Fv2%2Fcomments&post=497"}],"version-history":[{"count":2,"href":"https:\/\/impassivelimpossivel.com.br\/index.php?rest_route=\/wp\/v2\/posts\/497\/revisions"}],"predecessor-version":[{"id":1167,"href":"https:\/\/impassivelimpossivel.com.br\/index.php?rest_route=\/wp\/v2\/posts\/497\/revisions\/1167"}],"wp:featuredmedia":[{"embeddable":true,"href":"https:\/\/impassivelimpossivel.com.br\/index.php?rest_route=\/wp\/v2\/media\/1165"}],"wp:attachment":[{"href":"https:\/\/impassivelimpossivel.com.br\/index.php?rest_route=%2Fwp%2Fv2%2Fmedia&parent=497"}],"wp:term":[{"taxonomy":"category","embeddable":true,"href":"https:\/\/impassivelimpossivel.com.br\/index.php?rest_route=%2Fwp%2Fv2%2Fcategories&post=497"},{"taxonomy":"post_tag","embeddable":true,"href":"https:\/\/impassivelimpossivel.com.br\/index.php?rest_route=%2Fwp%2Fv2%2Ftags&post=497"}],"curies":[{"name":"wp","href":"https:\/\/api.w.org\/{rel}","templated":true}]}}