{"id":462,"date":"2017-10-15T18:38:01","date_gmt":"2017-10-15T20:38:01","guid":{"rendered":"http:\/\/www.impassivelimpossivel.com\/?p=462"},"modified":"2019-05-13T13:54:02","modified_gmt":"2019-05-13T16:54:02","slug":"quem-me-pode-me-representar","status":"publish","type":"post","link":"https:\/\/impassivelimpossivel.com.br\/?p=462","title":{"rendered":"Quem pode me representar ?"},"content":{"rendered":"<h4>A singularidade do ser<\/h4>\n<p style=\"text-align: justify;\"><span style=\"font-size: 14pt;\">Viver \u00e9 <strong>aprender<\/strong>. Descobertas s\u00e3o realizadas todos os dias. Quando bloqueamos os mecanismos que desencadeiam&nbsp; o processo que nos leva a absorver o conhecimento que nos rodeia , estamos dando o pontap\u00e9 inicial para o fim do nosso intelecto , do nosso f\u00edsico , dos nossos sentimentos e emo\u00e7\u00f5es. A <strong>sociedade<\/strong> de hoje de um modo geral , vem criando novos conceitos em rela\u00e7\u00e3o a abertura de chegar as idades mais avan\u00e7adas em constante aprendizado. Em virtude disto a qualidade de <strong>vida<\/strong> para estas pessoas tem melhorado.&nbsp; Umas das vis\u00f5es verdadeiras que devemos buscar , fala da <strong>singularidade<\/strong> do ser , que refor\u00e7a a nossa import\u00e2ncia pessoal e individual numa sociedade cada vez mais plural. Somos seres <strong>\u00fanicos<\/strong> , com&nbsp; caracter\u00edsticas individuais e intransfer\u00edveis. Possu\u00edmos vontade pr\u00f3pria , mecanismos&nbsp; que nos fazem reagir de forma e intensidade proporcionais a cada indiv\u00edduo. \u00c9 esta singularidade , a marca do ser humano , que nos faz sermos reconhecidos em meio a multid\u00e3o , e por isto deve ser refor\u00e7ada , para n\u00e3o sermos apenas mais um na multid\u00e3o , sendo levados , empurrados , arrastados e consumidos para dentro deste gigantesco &#8220;liquidificador&#8221; chamado opini\u00e3o p\u00fablica.&nbsp;<\/span><\/p>\n<h4 style=\"text-align: justify;\">Quem n\u00e3o me representa<\/h4>\n<p style=\"text-align: justify;\"><span style=\"font-size: 14pt;\">Dentro desta m\u00e1quina que move a opini\u00e3o p\u00fablica e que influencia de forma decisiva o destino pa\u00edses e pessoas , que moldam tend\u00eancias e dire\u00e7\u00f5es em todos os setores da sociedade , que fazem acontecer grandes altera\u00e7\u00f5es sociais e pol\u00edticas , est\u00e3o grupos de&nbsp; homens e mulheres que atrav\u00e9s das mais variadas formas de poder em rela\u00e7\u00e3o a popula\u00e7\u00e3o , querem nos <strong>representar<\/strong> e encaminhar a participar e concordar com suas ideologias. Devo dizer que <strong>pol\u00edticos<\/strong> n\u00e3o me representam , visto que a figura do legislador antes t\u00e3o respeitada , tornou-se um arremedo de cidad\u00e3o , s\u00f3 demonstrando o despreparo para defender a&nbsp; causa p\u00fablica. De outro lado posso dizer que <strong>ju\u00edzes<\/strong> tamb\u00e9m n\u00e3o me representam , em virtude que temos visto dia ap\u00f3s dia decis\u00f5es sendo tomadas baseadas t\u00e3o somente em atender a press\u00e3o dos interesses dos envolvidos com os detentores do poder e principalmente em interpreta\u00e7\u00f5es&nbsp; unilaterais , equivocadas e de ocasi\u00e3o. Para continuar ,&nbsp; devo dizer que <strong>artistas<\/strong> n\u00e3o me representam , pois n\u00e3o possuem respaldo \u00e9tico para balizar , nortear e direcionar um caminho , pois infelizmente est\u00e3o envolvidos com a atividade <strong>cultural<\/strong> ,&nbsp; que tem sido a maior influenciadora negativa da sociedade atual. Finalmente a <strong>religi\u00e3o<\/strong> n\u00e3o me representa , pois estamos em tempos onde mercadores da <strong>f\u00e9 ,&nbsp;&nbsp;<\/strong>tem agido de forma covarde nas igrejas e templos do nosso Brasil , expondo um falso evangelho e pregando um falso Deus , levando milhares de pessoas na dire\u00e7\u00e3o oposta a <strong>Verdade da Palavra.&nbsp;<\/strong>Todas estas for\u00e7as n\u00e3o tem interesse em realizar , de fazer , de serem \u00fateis , querem apenas ter raz\u00e3o , possuir a palavra final , serem detentores do poder de influenciar a massa , e desta forma buscar seus pr\u00f3prios interesses.<\/span><\/p>\n<h4>Ent\u00e3o , quem me representa ?<\/h4>\n<p style=\"text-align: justify;\"><span style=\"font-size: 14pt;\">Quem me representa s\u00e3o aqueles com quem tenho afinidade , com quem tenho v\u00ednculos , aqueles que eu reconhe\u00e7o como pessoas de valor e car\u00e1ter. Pessoas que tem em seus \u00edntimo o desejo de servir , de oferecer , de <strong>dar<\/strong> , de&nbsp; contribuir , de repartir , de compartilhar , de ensinar , de estar ao lado , de fazer parte , de ser <strong>volunt\u00e1rio<\/strong>. Pessoas simples da sociedade , que n\u00e3o tem a pretens\u00e3o de fazer valer prest\u00edgio ou posi\u00e7\u00e3o social , que n\u00e3o tem o prop\u00f3sito de ter qualquer tipo de retorno a n\u00e3o ser o amor e o reconhecimento individual de quem foi atendido. Pessoas comuns que est\u00e3o em escolas , hospitais , creches , asilos , casas de recupera\u00e7\u00e3o , sanat\u00f3rios , pres\u00eddios , fazendo de suas vidas uma grande miss\u00e3o em prol do pr\u00f3ximo. Pessoas que deixam para tr\u00e1s suas fam\u00edlias para levarem conforto espiritual , nas mais diversas regi\u00f5es do mundo. Pessoas que abrem m\u00e3o de noites de sono e conforto do lar para atenderem moradores de rua , alimentando , agasalhando ou apenas conversando. Pessoas que independente da sua individualidade escolheram fazer o melhor para o coletivo , para o bem comum , conseguem enxergar o macro fazendo o micro. Pessoas que resolveram fazer , realizar e acrescentar em vez de buscarem ter <strong>raz\u00e3o<\/strong> , pois deixaram isto ( <strong>ter raz\u00e3o<\/strong> ) para aqueles que apenas querem ter fama moment\u00e2nea&nbsp; e favores individuais.&nbsp;<\/span><\/p>\n<p style=\"text-align: justify;\"><span style=\"font-size: 14pt;\">N\u00e3o \u00e9 apenas uma quest\u00e3o de julgar o que \u00e9 certo ou errado e sim identificar com quem devemos nos identificar , e quem devemos ter como exemplo<\/span>.&nbsp; <span style=\"font-size: 14pt;\">Devemos recha\u00e7ar toda e qualquer influ\u00eancia vinda de quem n\u00e3o nos<strong> representa.<\/strong><\/span><\/p>\n<p>&nbsp;<\/p>\n","protected":false},"excerpt":{"rendered":"<p>A singularidade do ser Viver \u00e9 aprender. Descobertas s\u00e3o realizadas todos os dias. Quando bloqueamos os mecanismos que desencadeiam&nbsp; o<\/p>\n","protected":false},"author":1,"featured_media":1026,"comment_status":"open","ping_status":"open","sticky":false,"template":"","format":"standard","meta":{"_exactmetrics_skip_tracking":false,"_exactmetrics_sitenote_active":false,"_exactmetrics_sitenote_note":"","_exactmetrics_sitenote_category":0,"footnotes":""},"categories":[2],"tags":[22,24,56,86,121,165,173,176,178,184,188,202,206,209,214],"aioseo_notices":[],"_links":{"self":[{"href":"https:\/\/impassivelimpossivel.com.br\/index.php?rest_route=\/wp\/v2\/posts\/462"}],"collection":[{"href":"https:\/\/impassivelimpossivel.com.br\/index.php?rest_route=\/wp\/v2\/posts"}],"about":[{"href":"https:\/\/impassivelimpossivel.com.br\/index.php?rest_route=\/wp\/v2\/types\/post"}],"author":[{"embeddable":true,"href":"https:\/\/impassivelimpossivel.com.br\/index.php?rest_route=\/wp\/v2\/users\/1"}],"replies":[{"embeddable":true,"href":"https:\/\/impassivelimpossivel.com.br\/index.php?rest_route=%2Fwp%2Fv2%2Fcomments&post=462"}],"version-history":[{"count":2,"href":"https:\/\/impassivelimpossivel.com.br\/index.php?rest_route=\/wp\/v2\/posts\/462\/revisions"}],"predecessor-version":[{"id":1171,"href":"https:\/\/impassivelimpossivel.com.br\/index.php?rest_route=\/wp\/v2\/posts\/462\/revisions\/1171"}],"wp:featuredmedia":[{"embeddable":true,"href":"https:\/\/impassivelimpossivel.com.br\/index.php?rest_route=\/wp\/v2\/media\/1026"}],"wp:attachment":[{"href":"https:\/\/impassivelimpossivel.com.br\/index.php?rest_route=%2Fwp%2Fv2%2Fmedia&parent=462"}],"wp:term":[{"taxonomy":"category","embeddable":true,"href":"https:\/\/impassivelimpossivel.com.br\/index.php?rest_route=%2Fwp%2Fv2%2Fcategories&post=462"},{"taxonomy":"post_tag","embeddable":true,"href":"https:\/\/impassivelimpossivel.com.br\/index.php?rest_route=%2Fwp%2Fv2%2Ftags&post=462"}],"curies":[{"name":"wp","href":"https:\/\/api.w.org\/{rel}","templated":true}]}}