{"id":321,"date":"2017-10-01T17:11:24","date_gmt":"2017-10-01T20:11:24","guid":{"rendered":"http:\/\/www.impassivelimpossivel.com\/?p=321"},"modified":"2021-12-13T16:43:33","modified_gmt":"2021-12-13T19:43:33","slug":"um-longo-dia","status":"publish","type":"post","link":"https:\/\/impassivelimpossivel.com.br\/?p=321","title":{"rendered":"Um longo dia&#8230;"},"content":{"rendered":"\n<p><em><strong>&#8220;Agora, pois, se tenho achado gra\u00e7a aos teus olhos, rogo-te que agora me fa\u00e7as saber o teu caminho, e conhecer-te-ei, para que ache gra\u00e7a aos teus olhos; e atenta que esta na\u00e7\u00e3o \u00e9 o teu povo&#8221;. \u00caxodo\u00a0cap. 33 &#8211; vers. 13\u00a0<\/strong><\/em><\/p>\n\n\n<p style=\"text-align: justify;\"><span style=\"font-size: 14pt;\">Ap\u00f3s um longo , extenuante e produtivo dia de trabalho , o que tem a se descortinar a nossa frente \u00e9 a imensid\u00e3o da obra Criada por Aquele que governa todo o Universo. At\u00e9 aonde alcan\u00e7ar a nossa limitada vis\u00e3o , estaremos enxergando uma infinidade de milagres feitos por<strong> Deus<\/strong>. <\/span><\/p>\n<p style=\"text-align: justify;\"><span style=\"font-size: 14pt;\">E diante desta constata\u00e7\u00e3o conseguimos ter ci\u00eancia , da nossa insignific\u00e2ncia em rela\u00e7\u00e3o a tudo isto. Por\u00e9m n\u00e3o nos comportamos desta forma , temos sempre a tend\u00eancia de nos super valorizar , de nos colocar em um patamar de valores fora da realidade que nos cerca. N\u00e3o conseguimos nos colocar como parte desta imensa Cria\u00e7\u00e3o , insistimos em querer ser o &#8220;todo&#8221;. <\/span><\/p>\n<p style=\"text-align: justify;\"><span style=\"font-size: 14pt;\">N\u00e3o se trata de uma cultura de auto deprecia\u00e7\u00e3o , por\u00e9m de uma busca da valoriza\u00e7\u00e3o do que realmente interessa , daquilo que importa para Deus e para n\u00f3s\u00a0 como seus filhos. Trata-se de descartar aquilo que \u00e9 sup\u00e9rfluo e fr\u00edvolo. Deixar as pequenas coisas de lado e se focar nas grandes e decisivas coisas. <\/span><\/p>\n<p style=\"text-align: justify;\"><span style=\"font-size: 14pt;\">Deixar de lado o material e se preocupar com o espiritual. Deixar de lado as coisas e se preocupar com as pessoas. Deixar de lado o virtual e buscar o palp\u00e1vel , o t\u00e1til. Exercitar todos os sentidos que possu\u00edmos : <strong>Vis\u00e3o , Olfato , Tato , Fala , Audi\u00e7\u00e3o<\/strong> , de \u00a0forma viva e verdadeira. <\/span><\/p>\n<p style=\"text-align: justify;\"><span style=\"font-size: 14pt;\">Buscar experi\u00eancias que possam ser inesquec\u00edveis e marcantes. Aquelas que estar\u00e3o na nossa mem\u00f3ria para sempre , de forma indel\u00e9vel , que nunca ser\u00e3o apagadas , que far\u00e3o toda a diferen\u00e7a para a nossa vida. E estas experi\u00eancias s\u00f3 ser\u00e3o vividas do lado de fora , quando estivermos de frente \u00a0a este mundo maravilhoso Criado pelo nosso Deus Supremo , usufruindo da <strong>Gra\u00e7a<\/strong> redentora do Senhor.\u00a0<\/span><\/p>","protected":false},"excerpt":{"rendered":"<p>&#8220;Agora, pois, se tenho achado gra\u00e7a aos teus olhos, rogo-te que agora me fa\u00e7as saber o teu caminho, e conhecer-te-ei,<\/p>\n","protected":false},"author":1,"featured_media":1023,"comment_status":"open","ping_status":"open","sticky":false,"template":"","format":"standard","meta":{"_exactmetrics_skip_tracking":false,"_exactmetrics_sitenote_active":false,"_exactmetrics_sitenote_note":"","_exactmetrics_sitenote_category":0,"footnotes":""},"categories":[5],"tags":[],"aioseo_notices":[],"_links":{"self":[{"href":"https:\/\/impassivelimpossivel.com.br\/index.php?rest_route=\/wp\/v2\/posts\/321"}],"collection":[{"href":"https:\/\/impassivelimpossivel.com.br\/index.php?rest_route=\/wp\/v2\/posts"}],"about":[{"href":"https:\/\/impassivelimpossivel.com.br\/index.php?rest_route=\/wp\/v2\/types\/post"}],"author":[{"embeddable":true,"href":"https:\/\/impassivelimpossivel.com.br\/index.php?rest_route=\/wp\/v2\/users\/1"}],"replies":[{"embeddable":true,"href":"https:\/\/impassivelimpossivel.com.br\/index.php?rest_route=%2Fwp%2Fv2%2Fcomments&post=321"}],"version-history":[{"count":3,"href":"https:\/\/impassivelimpossivel.com.br\/index.php?rest_route=\/wp\/v2\/posts\/321\/revisions"}],"predecessor-version":[{"id":1987,"href":"https:\/\/impassivelimpossivel.com.br\/index.php?rest_route=\/wp\/v2\/posts\/321\/revisions\/1987"}],"wp:featuredmedia":[{"embeddable":true,"href":"https:\/\/impassivelimpossivel.com.br\/index.php?rest_route=\/wp\/v2\/media\/1023"}],"wp:attachment":[{"href":"https:\/\/impassivelimpossivel.com.br\/index.php?rest_route=%2Fwp%2Fv2%2Fmedia&parent=321"}],"wp:term":[{"taxonomy":"category","embeddable":true,"href":"https:\/\/impassivelimpossivel.com.br\/index.php?rest_route=%2Fwp%2Fv2%2Fcategories&post=321"},{"taxonomy":"post_tag","embeddable":true,"href":"https:\/\/impassivelimpossivel.com.br\/index.php?rest_route=%2Fwp%2Fv2%2Ftags&post=321"}],"curies":[{"name":"wp","href":"https:\/\/api.w.org\/{rel}","templated":true}]}}