{"id":1422,"date":"2020-06-08T22:05:54","date_gmt":"2020-06-09T01:05:54","guid":{"rendered":"http:\/\/impassivelimpossivel.com.br\/?p=1422"},"modified":"2021-12-06T17:38:18","modified_gmt":"2021-12-06T20:38:18","slug":"mentira-sempre-sera-mentira","status":"publish","type":"post","link":"https:\/\/impassivelimpossivel.com.br\/?p=1422","title":{"rendered":"Mentira sempre ser\u00e1 mentira&#8230;"},"content":{"rendered":"\n<p><em><strong>&#8220;Bem-aventurado o homem que p\u00f5e no SENHOR a sua confian\u00e7a e que n\u00e3o respeita os soberbos, nem os que se desviam para a mentira&#8221;\u00a0 Sl.\u00a0 40\u00a0 ve<\/strong>rs <strong>4<\/strong><\/em><\/p>\n\n\n\n<p><\/p>\n\n\n\n<p>N\u00e3o existe imagem mais marcante e significativa em rela\u00e7\u00e3o a mentira do que a figura do Pinochio. Acredito que todas as pessoas conhe\u00e7am a hist\u00f3ria , o significado e a simbologia que ela representa. Faz parte do imagin\u00e1rio das crian\u00e7as , pelo menos at\u00e9 a bem pouco tempo atr\u00e1s. Como vivemos em tempos do\u00a0 <strong>&#8220;politicamento correto&#8221;<\/strong> , talvez hoje considerem a hist\u00f3ria perniciosa , fantasiosa ou simplesmente dispens\u00e1vel ( ? ).<\/p>\n<p>Por\u00e9m o que importa \u00e9 a ilustra\u00e7\u00e3o clara e transparente da a\u00e7\u00e3o e da consequ\u00eancia. No caso da hist\u00f3ria uma consequ\u00eancia imediata , a\u00e7\u00e3o e rea\u00e7\u00e3o. N\u00e3o existe meia verdade ou meia mentira. Ou ent\u00e3o uma mentirinha &#8220;branca&#8221; , como se a mentira tivesse cor. Ou sob outro enfoque que ela possa se esconder , pois temos aquele velho e preciso ditado: <strong>&#8221; A mentira tem pernas curtas&#8221;<\/strong> , ou seja n\u00e3o se sustenta por muito tempo. No caso do Pinochio , apesar de passar por muitas e perigosas dificuldades , chega ao final com a felicidade batendo a sua porta , o perd\u00e3o e o oferecimento de uma vida verdadeira. Mais isto \u00e9 apenas uma f\u00e1bula , uma hist\u00f3ria infantil com uma profunda li\u00e7\u00e3o de moral e car\u00e1ter.<\/p>\n<p><strong>Moral e car\u00e1ter<\/strong> , s\u00e3o elementos qualitativos que <strong>&#8220;vestem&#8221;<\/strong> o interior de todo ser humano. Qualidades que\u00a0 mesmo sendo internas , transparecem sem sutileza nenhuma nas pequenas e grandes a\u00e7\u00f5es externas. Elas norteiam a percep\u00e7\u00e3o que temos ao vermos ( e julgarmos ) o <strong>&#8220;outro&#8221;<\/strong>. Verdade e mentira est\u00e3o diretamente interligadas a moral e car\u00e1ter , para o <strong>&#8220;bem&#8221;<\/strong> e para o<strong> &#8220;mal&#8221;<\/strong>. N\u00e3o h\u00e1 possibilidade de dissociar a mentira , da falta de <strong>&#8220;moral e car\u00e1ter&#8221;<\/strong>. \u00c9 ponto definitivo e absoluto.<\/p>\n<p>Vamos demarcar a seguir 5 pontos que devemos ter em mente em rela\u00e7\u00e3o a <strong>&#8220;mentira<\/strong>&#8220;. N\u00e3o temos como <strong>&#8220;maquiar&#8221;<\/strong> a mentira , toda e qualquer artif\u00edcio que utilizarmos para transforma-la ser\u00e1 in\u00fatil , a ess\u00eancia original dela estar\u00e1 l\u00e1. A mentira possui um prazo de validade , ela n\u00e3o se <strong>&#8220;esconde<\/strong>&#8221; , ela n\u00e3o se sustenta. Mais cedo ou mais tarde ela se revelar\u00e1 e todas as suas consequ\u00eancias aparecer\u00e3o. E para finalizar tr\u00eas pontos que formam um trip\u00e9 que molda o car\u00e1ter e a moral do ser humano: A mentira n\u00e3o se <strong>&#8220;aceita&#8221;<\/strong> , n\u00e3o se <strong>&#8220;compactua&#8221;<\/strong> e n\u00e3o se <strong>&#8220;transmite&#8221;<\/strong>. A grande conclus\u00e3o que chegamos :\u00a0 <strong>&#8220;A mentira sempre ser\u00e1 uma mentira.&#8221;<\/strong><\/p>\n<p>Na B\u00edblia temos enumeras passagens que refor\u00e7am esta m\u00e1xima. Elas nos dizem a respeito da sua origem , da sua concep\u00e7\u00e3o , dos seus resultados e de seu julgamento. Assim como tra\u00e7a o paralelo com o seu oposto a <strong>Verdade<\/strong>. O caminho para a mentira \u00e9 mais comodo , mais r\u00e1pido , mais curto , n\u00e3o utiliza a consci\u00eancia imediata. Em contrapartida a<strong> Verdade<\/strong> exige esfor\u00e7o , pois atinge diretamente a consci\u00eancia e a responsabilidade. Trilhar o caminho da <strong>Verdade<\/strong> nos faz confrontar com as dificuldades do dia a dia , mexe com as nossas estruturas emocionais. Talvez por isto as pessoas prefiram ter um conforto moment\u00e2neo , jogando para frente , adiando para depois aquilo que deveria ser o primordial. <strong>Viver a Verdade , na Verdade , em Verdade.<\/strong><\/p>\n<p>\u00a0<\/p>\n<p>\u00a0<\/p>\n","protected":false},"excerpt":{"rendered":"<p>&#8220;Bem-aventurado o homem que p\u00f5e no SENHOR a sua confian\u00e7a e que n\u00e3o respeita os soberbos, nem os que se<\/p>\n","protected":false},"author":1,"featured_media":1481,"comment_status":"open","ping_status":"open","sticky":false,"template":"","format":"standard","meta":{"_exactmetrics_skip_tracking":false,"_exactmetrics_sitenote_active":false,"_exactmetrics_sitenote_note":"","_exactmetrics_sitenote_category":0,"footnotes":""},"categories":[5],"tags":[29,37,334,60,331,116,330,328,329,332,333,261],"aioseo_notices":[],"_links":{"self":[{"href":"https:\/\/impassivelimpossivel.com.br\/index.php?rest_route=\/wp\/v2\/posts\/1422"}],"collection":[{"href":"https:\/\/impassivelimpossivel.com.br\/index.php?rest_route=\/wp\/v2\/posts"}],"about":[{"href":"https:\/\/impassivelimpossivel.com.br\/index.php?rest_route=\/wp\/v2\/types\/post"}],"author":[{"embeddable":true,"href":"https:\/\/impassivelimpossivel.com.br\/index.php?rest_route=\/wp\/v2\/users\/1"}],"replies":[{"embeddable":true,"href":"https:\/\/impassivelimpossivel.com.br\/index.php?rest_route=%2Fwp%2Fv2%2Fcomments&post=1422"}],"version-history":[{"count":16,"href":"https:\/\/impassivelimpossivel.com.br\/index.php?rest_route=\/wp\/v2\/posts\/1422\/revisions"}],"predecessor-version":[{"id":1843,"href":"https:\/\/impassivelimpossivel.com.br\/index.php?rest_route=\/wp\/v2\/posts\/1422\/revisions\/1843"}],"wp:featuredmedia":[{"embeddable":true,"href":"https:\/\/impassivelimpossivel.com.br\/index.php?rest_route=\/wp\/v2\/media\/1481"}],"wp:attachment":[{"href":"https:\/\/impassivelimpossivel.com.br\/index.php?rest_route=%2Fwp%2Fv2%2Fmedia&parent=1422"}],"wp:term":[{"taxonomy":"category","embeddable":true,"href":"https:\/\/impassivelimpossivel.com.br\/index.php?rest_route=%2Fwp%2Fv2%2Fcategories&post=1422"},{"taxonomy":"post_tag","embeddable":true,"href":"https:\/\/impassivelimpossivel.com.br\/index.php?rest_route=%2Fwp%2Fv2%2Ftags&post=1422"}],"curies":[{"name":"wp","href":"https:\/\/api.w.org\/{rel}","templated":true}]}}