{"id":124,"date":"2017-09-28T13:43:03","date_gmt":"2017-09-28T16:43:03","guid":{"rendered":"http:\/\/www.impassivelimpossivel.com\/?p=124"},"modified":"2019-05-13T16:10:38","modified_gmt":"2019-05-13T19:10:38","slug":"terceira-idade-primeira-forca","status":"publish","type":"post","link":"https:\/\/impassivelimpossivel.com.br\/?p=124","title":{"rendered":"Terceira Idade &#8211; Primeira For\u00e7a"},"content":{"rendered":"<p style=\"text-align: justify;\"><span style=\"font-size: 14pt; font-family: georgia, palatino, serif;\">Hoje presenciei uma cena breve , muito r\u00e1pida , por\u00e9m muito significativa. Ao passar em frente a uma obra de constru\u00e7\u00e3o civil em fase final de acabamento , visualizei um senhor uniformizado , carregando em seu ombro uma pe\u00e7a met\u00e1lica. Estava transportando aparentemente &nbsp;para um local de despejo. Vi que seu andar era vagaroso , demonstrando mais fadiga do que necessariamente um sobrepeso. Neste mesmo instante , um pequeno vacilo , p\u00e9s trope\u00e7ando , pe\u00e7a no ch\u00e3o. Pude nesta hora ver que se tratava de uma <strong>pessoa<\/strong> de <strong>idade<\/strong> mais avan\u00e7ada , em plena atividade , uma vida que com certeza , ap\u00f3s muitos e mitos anos de trabalho , j\u00e1 deveria estar usufruindo de um ritmo menos intenso , que demandasse um esfor\u00e7o f\u00edsico menor. Imediatamente me veio em mente o que temos presenciado todos os dias , em rela\u00e7\u00e3o ao trabalho de <strong>pessoas<\/strong> da chamada <strong>terceira idade<\/strong>. S\u00e3o homens e mulheres , que ap\u00f3s 30 , 40 , 50 anos de muito trabalho , se veem obrigados a permanecerem ativos , para prestar aux\u00edlio financeiro a filhos e netos. As gera\u00e7\u00f5es anteriores de forma definitiva possuem um senso de responsabilidade <strong>familiar<\/strong> extremamente pungente , veem o v\u00ednculo <strong>familiar<\/strong> , como um bem a ser cuidado , respeitado , protegido , provido. N\u00e3o veem possibilidade de abandono , muito menos de desist\u00eancia desta responsabilidade , e por conta disto assumem compromissos por toda a vida. Por\u00e9m o que move esta responsabilidade \u00e9 o <strong>amor<\/strong> profundo que nutrem pela <strong>fam\u00edlia<\/strong> , filhos e netos. O anseio de cada um deles e ver os seus frutos crescerem e se desenvolverem &nbsp;, e poderem ter oportunidades , que na maioria das vezes eles pr\u00f3prios n\u00e3o tiveram. No livro de Salmos 92 , vers. 14 , nos diz assim :<b>&nbsp;&#8221; Mesmo na velhice dar\u00e3o frutos , permanecer\u00e3o vi\u00e7osos e verdejantes&#8221;&nbsp;<\/b>.&nbsp;<\/span><\/p>\n","protected":false},"excerpt":{"rendered":"<p>Hoje presenciei uma cena breve , muito r\u00e1pida , por\u00e9m muito significativa. Ao passar em frente a uma obra de<\/p>\n","protected":false},"author":1,"featured_media":1215,"comment_status":"open","ping_status":"open","sticky":false,"template":"","format":"standard","meta":{"_exactmetrics_skip_tracking":false,"_exactmetrics_sitenote_active":false,"_exactmetrics_sitenote_note":"","_exactmetrics_sitenote_category":0,"footnotes":""},"categories":[2],"tags":[85,90,104,157,196],"aioseo_notices":[],"_links":{"self":[{"href":"https:\/\/impassivelimpossivel.com.br\/index.php?rest_route=\/wp\/v2\/posts\/124"}],"collection":[{"href":"https:\/\/impassivelimpossivel.com.br\/index.php?rest_route=\/wp\/v2\/posts"}],"about":[{"href":"https:\/\/impassivelimpossivel.com.br\/index.php?rest_route=\/wp\/v2\/types\/post"}],"author":[{"embeddable":true,"href":"https:\/\/impassivelimpossivel.com.br\/index.php?rest_route=\/wp\/v2\/users\/1"}],"replies":[{"embeddable":true,"href":"https:\/\/impassivelimpossivel.com.br\/index.php?rest_route=%2Fwp%2Fv2%2Fcomments&post=124"}],"version-history":[{"count":2,"href":"https:\/\/impassivelimpossivel.com.br\/index.php?rest_route=\/wp\/v2\/posts\/124\/revisions"}],"predecessor-version":[{"id":1217,"href":"https:\/\/impassivelimpossivel.com.br\/index.php?rest_route=\/wp\/v2\/posts\/124\/revisions\/1217"}],"wp:featuredmedia":[{"embeddable":true,"href":"https:\/\/impassivelimpossivel.com.br\/index.php?rest_route=\/wp\/v2\/media\/1215"}],"wp:attachment":[{"href":"https:\/\/impassivelimpossivel.com.br\/index.php?rest_route=%2Fwp%2Fv2%2Fmedia&parent=124"}],"wp:term":[{"taxonomy":"category","embeddable":true,"href":"https:\/\/impassivelimpossivel.com.br\/index.php?rest_route=%2Fwp%2Fv2%2Fcategories&post=124"},{"taxonomy":"post_tag","embeddable":true,"href":"https:\/\/impassivelimpossivel.com.br\/index.php?rest_route=%2Fwp%2Fv2%2Ftags&post=124"}],"curies":[{"name":"wp","href":"https:\/\/api.w.org\/{rel}","templated":true}]}}