{"id":112,"date":"2017-09-28T11:32:46","date_gmt":"2017-09-28T14:32:46","guid":{"rendered":"http:\/\/www.impassivelimpossivel.com\/?p=112"},"modified":"2019-05-13T16:13:43","modified_gmt":"2019-05-13T19:13:43","slug":"entre-o-desconhecimento-e-o-receio","status":"publish","type":"post","link":"https:\/\/impassivelimpossivel.com.br\/?p=112","title":{"rendered":"Entre o desconhecimento e o receio."},"content":{"rendered":"<p style=\"text-align: justify;\"><span style=\"font-size: 14pt; font-family: georgia, palatino, serif;\">Toda an\u00e1lise que pensamos realizar , leva em conta par\u00e2metros pr\u00e9 definidos de nossos conceitos , princ\u00edpios , ensinamentos , experi\u00eancias vividas ou relatadas. Enfim para termos base em emitir alguma opini\u00e3o ou definirmos nossa posi\u00e7\u00e3o , consultamos internamente estes conceitos , e marcamos posi\u00e7\u00e3o. Somente podemos nos isentar ou n\u00e3o emitir posi\u00e7\u00e3o , com respeito ao que nos cerca , se efetivamente n\u00e3o temos <strong>conhecimento<\/strong> do assunto ou se por algum motivo receamos em toma-la. O que nos leva a pensar sobre sobre estes 02 motivos : <strong>Desconhecimento e Receio<\/strong>. Vivemos hoje em um tempo , &nbsp; onde as possibilidades de travarmos conhecimento com absolutamente tudo , est\u00e1 de forma literal em nossas m\u00e3os , a nosso alcance. Os meios e m\u00eddias a serem utilizadas est\u00e3o dispon\u00edveis a serem acessadas por praticamente todos. A decis\u00e3o de qual meio utilizar , e de que conte\u00fado se informar , \u00e9 diretamente ligado a cada um de n\u00f3s de forma livre , soberana e isolada. Portanto o motivo da falta de <strong>conhecimento<\/strong> , &nbsp;passa pela &nbsp;pr\u00f3pria op\u00e7\u00e3o de escolha do assunto de interesse. Porque temos <strong>receio<\/strong> em tomar posi\u00e7\u00e3o sobre algum assunto ? Esta \u00e9 uma pergunta , que guardadas as devidas circunst\u00e2ncias \u00e9 totalmente v\u00e1lida , pois n\u00f3s vivemos no Brasil , pa\u00eds livre que tem na sua Constitui\u00e7\u00e3o a liberdade de express\u00e3o garantida. Em diversos pa\u00edses pelo mundo este direito n\u00e3o \u00e9 respeitado e as opini\u00f5es s\u00e3o cerceadas , julgadas e punidas. Gra\u00e7as ao bom <strong>Deus<\/strong> , podemos nos expressar de forma soberana e independente , e devido a isto \u00e9 que voltamos ao motivo inicial. Muitos podem dizer que o <strong>conhecimento<\/strong> n\u00e3o est\u00e1 acess\u00edvel a todos , pois bem , \u00e9 com esta inten\u00e7\u00e3o que conclamo a todo aquele que possui a disponibilidade de adquirir <strong>conhecimento<\/strong> relevante e construtivo , o fa\u00e7a , atrav\u00e9s dos diversos meios existente , &nbsp;e seja um canal de&nbsp;repercuss\u00e3o para aqueles desprovidos destas vantagens. N\u00e3o podemos utilizar nossa capacidade para nada gerar , para nada florescer e frutificar. Est\u00e1 em nossas m\u00e3os a decis\u00e3o de qual alimento servir , e a quem alimentar. Vamos dar <strong>Luz<\/strong> a quem precisa enxergar , sem medo de sermos felizes.<\/span><\/p>\n","protected":false},"excerpt":{"rendered":"<p>Toda an\u00e1lise que pensamos realizar , leva em conta par\u00e2metros pr\u00e9 definidos de nossos conceitos , princ\u00edpios , ensinamentos ,<\/p>\n","protected":false},"author":1,"featured_media":1218,"comment_status":"open","ping_status":"open","sticky":false,"template":"","format":"standard","meta":{"_exactmetrics_skip_tracking":false,"_exactmetrics_sitenote_active":false,"_exactmetrics_sitenote_note":"","_exactmetrics_sitenote_category":0,"footnotes":""},"categories":[2],"tags":[],"aioseo_notices":[],"_links":{"self":[{"href":"https:\/\/impassivelimpossivel.com.br\/index.php?rest_route=\/wp\/v2\/posts\/112"}],"collection":[{"href":"https:\/\/impassivelimpossivel.com.br\/index.php?rest_route=\/wp\/v2\/posts"}],"about":[{"href":"https:\/\/impassivelimpossivel.com.br\/index.php?rest_route=\/wp\/v2\/types\/post"}],"author":[{"embeddable":true,"href":"https:\/\/impassivelimpossivel.com.br\/index.php?rest_route=\/wp\/v2\/users\/1"}],"replies":[{"embeddable":true,"href":"https:\/\/impassivelimpossivel.com.br\/index.php?rest_route=%2Fwp%2Fv2%2Fcomments&post=112"}],"version-history":[{"count":2,"href":"https:\/\/impassivelimpossivel.com.br\/index.php?rest_route=\/wp\/v2\/posts\/112\/revisions"}],"predecessor-version":[{"id":1220,"href":"https:\/\/impassivelimpossivel.com.br\/index.php?rest_route=\/wp\/v2\/posts\/112\/revisions\/1220"}],"wp:featuredmedia":[{"embeddable":true,"href":"https:\/\/impassivelimpossivel.com.br\/index.php?rest_route=\/wp\/v2\/media\/1218"}],"wp:attachment":[{"href":"https:\/\/impassivelimpossivel.com.br\/index.php?rest_route=%2Fwp%2Fv2%2Fmedia&parent=112"}],"wp:term":[{"taxonomy":"category","embeddable":true,"href":"https:\/\/impassivelimpossivel.com.br\/index.php?rest_route=%2Fwp%2Fv2%2Fcategories&post=112"},{"taxonomy":"post_tag","embeddable":true,"href":"https:\/\/impassivelimpossivel.com.br\/index.php?rest_route=%2Fwp%2Fv2%2Ftags&post=112"}],"curies":[{"name":"wp","href":"https:\/\/api.w.org\/{rel}","templated":true}]}}