{"id":103,"date":"2017-09-28T11:01:00","date_gmt":"2017-09-28T14:01:00","guid":{"rendered":"http:\/\/www.impassivelimpossivel.com\/?p=103"},"modified":"2021-12-12T19:30:24","modified_gmt":"2021-12-12T22:30:24","slug":"ousadia-em-que-sentido","status":"publish","type":"post","link":"https:\/\/impassivelimpossivel.com.br\/?p=103","title":{"rendered":"Ousadia &#8211; Em que sentido ?"},"content":{"rendered":"\n<p><em><strong>\u00a0&#8220;E, tendo eles orado, moveu-se o lugar em que estavam reunidos; e todos foram cheios do Esp\u00edrito Santo e anunciavam com ousadia a palavra de Deus&#8221;. At. cap. 4 &#8211; vers. 31<\/strong><\/em><\/p>\n\n\n<p style=\"text-align: justify;\"><span style=\"font-size: 14pt;\">A l\u00edngua portuguesa \u00e9 sem d\u00favida um grande desafio. A come\u00e7ar pelo seu vocabul\u00e1rio , que \u00e9 extremamente extenso e complexo. A quantidade de regras , conjuga\u00e7\u00f5es , variantes , concord\u00e2ncias , fazem do aprendizado e posteriormente a sua utiliza\u00e7\u00e3o , uma miss\u00e3o para qualquer pessoa que se prop\u00f5em , a escrever algumas linhas com um m\u00ednimo de coer\u00eancia.<\/span><\/p>\n<p style=\"text-align: justify;\"><span style=\"font-size: 14pt;\"> N\u00e3o \u00e9 a toa , que nos exames de avalia\u00e7\u00e3o ao ensino superior , uma das provas mais temidas \u00e9 a da reda\u00e7\u00e3o. T\u00e9cnicas foram desenvolvidas pelos professores com o passar do tempo , para prepararem os alunos a enfrentar o t\u00e3o temido exame. Fiz esta introdu\u00e7\u00e3o por que pretendo falar a respeito de uma palavra que possui significado por vezes , \u00a0de alguma forma amb\u00edguo.<\/span><\/p>\n<p style=\"text-align: justify;\"><span style=\"font-size: 14pt;\"> O que na realidade quer dizer <strong>&#8220;ousadia&#8221;<\/strong> , o que significa ser ousado , ter uma atitude ousada , se comportar com ousadia , fazer ou determinar a\u00e7\u00f5es que demonstrem ousadia. Quando pensamos em ousadia , imaginamos algo fora do contexto , diferente da rotina , atitudes ou a\u00e7\u00f5es n\u00e3o usuais , ter atitudes que infringem as formas aceitas pela sociedade , em resumo ser contestador ou revolucion\u00e1rio. <\/span><\/p>\n<p style=\"text-align: justify;\"><span style=\"font-size: 14pt;\">Estamos a pelo menos 15 anos ( &#8220;acredito eu&#8221; ) vivendo dentro do conceito do politicamente correto , e isto tem nos levado a um marasmo opinativo , pois tomar posi\u00e7\u00e3o a respeito de quase tudo que nos cerca , tornou-se risco eminente para julgamentos e execra\u00e7\u00f5es p\u00fablicas ou individuais. <\/span><\/p>\n<p style=\"text-align: justify;\"><span style=\"font-size: 14pt;\">E dentro deste esp\u00edrito que coloco a palavra <strong>&#8220;ousadia&#8221;<\/strong> , e de como exerce-la. Encontramos na B\u00edblia um texto de Atos Cap. 4\u00a0 &#8211; vers. 31 que relata de forma clara como os ap\u00f3stolos se comportavam naqueles dias , dizia assim : <strong><em>&#8220;&#8230; e todos cheios do Espirito Santo e com<\/em> <em>ousadia<\/em> ,<em> anunciavam a Palavra de Deus&#8221;<\/em><\/strong><em>.<\/em> <\/span><\/p>\n<p style=\"text-align: justify;\"><span style=\"font-size: 14pt;\">A explica\u00e7\u00e3o \u00e9 muito simples , apesar de requerer grande complexidade para sue execu\u00e7\u00e3o. A marca da a\u00e7\u00e3o destes ap\u00f3stolos era: &#8220;Homens e mulheres que tinham dentro delas o Espirito Santo que orienta , a for\u00e7a que revoluciona , a liberdade que contesta , a Palavra de Deus que d\u00e1 autoridade , o amor de Cristo que d\u00e1 seguran\u00e7a de enfrentar todo e qualquer risco ou julgamento , a vontade unanime de mudar a sociedade&#8221;. <\/span><\/p>\n<p style=\"text-align: justify;\"><span style=\"font-size: 14pt;\">Estas caracter\u00edsticas que os ap\u00f3stolos possu\u00edam , nos impulsionam a pelo menos pensarmos:\u00a0 <strong>&#8220;Vamos ousar ser ousados&#8221;.<\/strong><\/span><\/p>\n\n","protected":false},"excerpt":{"rendered":"<p>\u00a0&#8220;E, tendo eles orado, moveu-se o lugar em que estavam reunidos; e todos foram cheios do Esp\u00edrito Santo e anunciavam<\/p>\n","protected":false},"author":1,"featured_media":1272,"comment_status":"open","ping_status":"open","sticky":false,"template":"","format":"standard","meta":{"_exactmetrics_skip_tracking":false,"_exactmetrics_sitenote_active":false,"_exactmetrics_sitenote_note":"","_exactmetrics_sitenote_category":0,"footnotes":""},"categories":[5],"tags":[],"aioseo_notices":[],"_links":{"self":[{"href":"https:\/\/impassivelimpossivel.com.br\/index.php?rest_route=\/wp\/v2\/posts\/103"}],"collection":[{"href":"https:\/\/impassivelimpossivel.com.br\/index.php?rest_route=\/wp\/v2\/posts"}],"about":[{"href":"https:\/\/impassivelimpossivel.com.br\/index.php?rest_route=\/wp\/v2\/types\/post"}],"author":[{"embeddable":true,"href":"https:\/\/impassivelimpossivel.com.br\/index.php?rest_route=\/wp\/v2\/users\/1"}],"replies":[{"embeddable":true,"href":"https:\/\/impassivelimpossivel.com.br\/index.php?rest_route=%2Fwp%2Fv2%2Fcomments&post=103"}],"version-history":[{"count":5,"href":"https:\/\/impassivelimpossivel.com.br\/index.php?rest_route=\/wp\/v2\/posts\/103\/revisions"}],"predecessor-version":[{"id":1946,"href":"https:\/\/impassivelimpossivel.com.br\/index.php?rest_route=\/wp\/v2\/posts\/103\/revisions\/1946"}],"wp:featuredmedia":[{"embeddable":true,"href":"https:\/\/impassivelimpossivel.com.br\/index.php?rest_route=\/wp\/v2\/media\/1272"}],"wp:attachment":[{"href":"https:\/\/impassivelimpossivel.com.br\/index.php?rest_route=%2Fwp%2Fv2%2Fmedia&parent=103"}],"wp:term":[{"taxonomy":"category","embeddable":true,"href":"https:\/\/impassivelimpossivel.com.br\/index.php?rest_route=%2Fwp%2Fv2%2Fcategories&post=103"},{"taxonomy":"post_tag","embeddable":true,"href":"https:\/\/impassivelimpossivel.com.br\/index.php?rest_route=%2Fwp%2Fv2%2Ftags&post=103"}],"curies":[{"name":"wp","href":"https:\/\/api.w.org\/{rel}","templated":true}]}}